{"id":624,"date":"2021-04-13T15:00:31","date_gmt":"2021-04-13T15:00:31","guid":{"rendered":"http:\/\/www.jerome-thomas.fr\/actualite\/?p=624"},"modified":"2021-06-15T12:10:14","modified_gmt":"2021-06-15T12:10:14","slug":"des-nouvelles-de-projet-faille","status":"publish","type":"post","link":"http:\/\/www.jerome-thomas.fr\/actualite\/des-nouvelles-de-projet-faille\/","title":{"rendered":"Des nouvelles de PROJET FAILLE"},"content":{"rendered":"\n<p>Apr\u00e8s 10 jours de r\u00e9sidence \u00e0 La Br\u00e8che, notre trio ( L\u00e9a Lepr\u00eatre, Marth.e Richard et Johannes Holm Veje ) a jou\u00e9 pour la premi\u00e8re fois leur spectacle PROJET FAILLE, le jeudi 8 avril \u00e0 15h devant un public de\u2026\u2026.professionnels !&nbsp;<\/p>\n\n\n\n<p>La compagnie J\u00e9r\u00f4me Thomas les accompagne depuis 1 an et demi (dans le cadre d\u2019un compagnonnage) dans la cr\u00e9ation de ce premier projet.&nbsp;<\/p>\n\n\n\n<p>Leur spectacle est donc d\u00e9sormais disponible en tourn\u00e9e.<\/p>\n\n\n\n<p>Le trio ira prochainement poser ses bagages (et ses agr\u00e8s) au Carr\u00e9 Magique P\u00f4le Cirque \u00e0 Lannion en Bretagne pour 10 jours de travail autour d\u2019une forme adapt\u00e9e \u00e0 la rue.<\/p>\n\n\n\n<p>Nous esp\u00e9rons que vous pourrez vous aussi d\u00e9couvrir leur spectacle tr\u00e8s prochainement !&nbsp;Prochaines dates, cet \u00e9t\u00e9 avec La Transverse \u00e0 Corbigny au Festival C\u2019est la Rue \u00e0 Lormes le vendredi 23 juillet \u00e0 22H30!<\/p>\n\n\n\n<figure class=\"wp-block-gallery columns-3 is-cropped wp-block-gallery-1 is-layout-flex wp-block-gallery-is-layout-flex\"><ul class=\"blocks-gallery-grid\"><li class=\"blocks-gallery-item\"><figure><a href=\"http:\/\/www.jerome-thomas.fr\/actualite\/wp-content\/uploads\/2021\/04\/155804186_3860317724014894_7312144946196631612_n-1024x683.jpg\"><img loading=\"lazy\" decoding=\"async\" width=\"1024\" height=\"683\" src=\"http:\/\/www.jerome-thomas.fr\/actualite\/wp-content\/uploads\/2021\/04\/155804186_3860317724014894_7312144946196631612_n-1024x683.jpg\" alt=\"\" data-id=\"626\" data-link=\"http:\/\/www.jerome-thomas.fr\/actualite\/?attachment_id=626\" class=\"wp-image-626\" srcset=\"http:\/\/www.jerome-thomas.fr\/actualite\/wp-content\/uploads\/2021\/04\/155804186_3860317724014894_7312144946196631612_n-1024x683.jpg 1024w, http:\/\/www.jerome-thomas.fr\/actualite\/wp-content\/uploads\/2021\/04\/155804186_3860317724014894_7312144946196631612_n-600x400.jpg 600w, http:\/\/www.jerome-thomas.fr\/actualite\/wp-content\/uploads\/2021\/04\/155804186_3860317724014894_7312144946196631612_n-768x512.jpg 768w, http:\/\/www.jerome-thomas.fr\/actualite\/wp-content\/uploads\/2021\/04\/155804186_3860317724014894_7312144946196631612_n-1200x800.jpg 1200w, http:\/\/www.jerome-thomas.fr\/actualite\/wp-content\/uploads\/2021\/04\/155804186_3860317724014894_7312144946196631612_n.jpg 2048w\" sizes=\"auto, (max-width: 767px) 89vw, (max-width: 1000px) 54vw, (max-width: 1071px) 543px, 580px\" \/><\/a><\/figure><\/li><li class=\"blocks-gallery-item\"><figure><a href=\"http:\/\/www.jerome-thomas.fr\/actualite\/wp-content\/uploads\/2021\/04\/156092548_3860316727348327_2216577171608970600_n-1024x683.jpg\"><img loading=\"lazy\" decoding=\"async\" width=\"1024\" height=\"683\" src=\"http:\/\/www.jerome-thomas.fr\/actualite\/wp-content\/uploads\/2021\/04\/156092548_3860316727348327_2216577171608970600_n-1024x683.jpg\" alt=\"\" data-id=\"627\" data-link=\"http:\/\/www.jerome-thomas.fr\/actualite\/?attachment_id=627\" class=\"wp-image-627\" srcset=\"http:\/\/www.jerome-thomas.fr\/actualite\/wp-content\/uploads\/2021\/04\/156092548_3860316727348327_2216577171608970600_n-1024x683.jpg 1024w, http:\/\/www.jerome-thomas.fr\/actualite\/wp-content\/uploads\/2021\/04\/156092548_3860316727348327_2216577171608970600_n-600x400.jpg 600w, http:\/\/www.jerome-thomas.fr\/actualite\/wp-content\/uploads\/2021\/04\/156092548_3860316727348327_2216577171608970600_n-768x512.jpg 768w, http:\/\/www.jerome-thomas.fr\/actualite\/wp-content\/uploads\/2021\/04\/156092548_3860316727348327_2216577171608970600_n-1200x800.jpg 1200w, http:\/\/www.jerome-thomas.fr\/actualite\/wp-content\/uploads\/2021\/04\/156092548_3860316727348327_2216577171608970600_n.jpg 2048w\" sizes=\"auto, (max-width: 767px) 89vw, (max-width: 1000px) 54vw, (max-width: 1071px) 543px, 580px\" \/><\/a><\/figure><\/li><li class=\"blocks-gallery-item\"><figure><a href=\"http:\/\/www.jerome-thomas.fr\/actualite\/wp-content\/uploads\/2021\/04\/156589467_3860318057348194_8995477168917511915_n-1024x683.jpg\"><img loading=\"lazy\" decoding=\"async\" width=\"1024\" height=\"683\" src=\"http:\/\/www.jerome-thomas.fr\/actualite\/wp-content\/uploads\/2021\/04\/156589467_3860318057348194_8995477168917511915_n-1024x683.jpg\" alt=\"\" data-id=\"628\" data-link=\"http:\/\/www.jerome-thomas.fr\/actualite\/?attachment_id=628\" class=\"wp-image-628\" srcset=\"http:\/\/www.jerome-thomas.fr\/actualite\/wp-content\/uploads\/2021\/04\/156589467_3860318057348194_8995477168917511915_n-1024x683.jpg 1024w, http:\/\/www.jerome-thomas.fr\/actualite\/wp-content\/uploads\/2021\/04\/156589467_3860318057348194_8995477168917511915_n-600x400.jpg 600w, http:\/\/www.jerome-thomas.fr\/actualite\/wp-content\/uploads\/2021\/04\/156589467_3860318057348194_8995477168917511915_n-768x512.jpg 768w, http:\/\/www.jerome-thomas.fr\/actualite\/wp-content\/uploads\/2021\/04\/156589467_3860318057348194_8995477168917511915_n-1200x800.jpg 1200w, http:\/\/www.jerome-thomas.fr\/actualite\/wp-content\/uploads\/2021\/04\/156589467_3860318057348194_8995477168917511915_n.jpg 2048w\" sizes=\"auto, (max-width: 767px) 89vw, (max-width: 1000px) 54vw, (max-width: 1071px) 543px, 580px\" \/><\/a><\/figure><\/li><\/ul><figcaption class=\"blocks-gallery-caption\">PROJET FAILLE \u00a9 Jiss\u00e9<\/figcaption><\/figure>\n\n\n\n<p><\/p>\n","protected":false},"excerpt":{"rendered":"<p>Apr\u00e8s 10 jours de r\u00e9sidence \u00e0 La Br\u00e8che, notre trio ( L\u00e9a Lepr\u00eatre, Marth.e Richard et Johannes Holm Veje ) a jou\u00e9 pour la premi\u00e8re fois leur spectacle PROJET FAILLE, le jeudi 8 avril \u00e0 15h devant un public de\u2026\u2026.professionnels !&nbsp; La compagnie J\u00e9r\u00f4me Thomas les accompagne depuis 1 an et demi (dans le cadre &hellip; <\/p>\n<p class=\"link-more\"><a href=\"http:\/\/www.jerome-thomas.fr\/actualite\/des-nouvelles-de-projet-faille\/\" class=\"more-link\">Continuer la lecture<span class=\"screen-reader-text\"> de &laquo;&nbsp;Des nouvelles de PROJET FAILLE&nbsp;&raquo;<\/span><\/a><\/p>\n","protected":false},"author":2,"featured_media":0,"comment_status":"closed","ping_status":"open","sticky":false,"template":"","format":"standard","meta":{"footnotes":""},"categories":[6],"tags":[],"class_list":["post-624","post","type-post","status-publish","format-standard","hentry","category-saison-2020-2021"],"_links":{"self":[{"href":"http:\/\/www.jerome-thomas.fr\/actualite\/wp-json\/wp\/v2\/posts\/624","targetHints":{"allow":["GET"]}}],"collection":[{"href":"http:\/\/www.jerome-thomas.fr\/actualite\/wp-json\/wp\/v2\/posts"}],"about":[{"href":"http:\/\/www.jerome-thomas.fr\/actualite\/wp-json\/wp\/v2\/types\/post"}],"author":[{"embeddable":true,"href":"http:\/\/www.jerome-thomas.fr\/actualite\/wp-json\/wp\/v2\/users\/2"}],"replies":[{"embeddable":true,"href":"http:\/\/www.jerome-thomas.fr\/actualite\/wp-json\/wp\/v2\/comments?post=624"}],"version-history":[{"count":5,"href":"http:\/\/www.jerome-thomas.fr\/actualite\/wp-json\/wp\/v2\/posts\/624\/revisions"}],"predecessor-version":[{"id":1078,"href":"http:\/\/www.jerome-thomas.fr\/actualite\/wp-json\/wp\/v2\/posts\/624\/revisions\/1078"}],"wp:attachment":[{"href":"http:\/\/www.jerome-thomas.fr\/actualite\/wp-json\/wp\/v2\/media?parent=624"}],"wp:term":[{"taxonomy":"category","embeddable":true,"href":"http:\/\/www.jerome-thomas.fr\/actualite\/wp-json\/wp\/v2\/categories?post=624"},{"taxonomy":"post_tag","embeddable":true,"href":"http:\/\/www.jerome-thomas.fr\/actualite\/wp-json\/wp\/v2\/tags?post=624"}],"curies":[{"name":"wp","href":"https:\/\/api.w.org\/{rel}","templated":true}]}}