{"id":611,"date":"2021-03-09T15:28:05","date_gmt":"2021-03-09T15:28:05","guid":{"rendered":"http:\/\/www.jerome-thomas.fr\/actualite\/?p=611"},"modified":"2021-06-12T19:18:45","modified_gmt":"2021-06-12T19:18:45","slug":"projet-faille-sortie-de-residence","status":"publish","type":"post","link":"http:\/\/www.jerome-thomas.fr\/actualite\/projet-faille-sortie-de-residence\/","title":{"rendered":"PROJET FAILLE : sortie de r\u00e9sidence"},"content":{"rendered":"\n<p>Apr\u00e8s deux semaines de r\u00e9sidence \u00e0 l&rsquo;<strong>Espace P\u00e9riph\u00e9rique<\/strong> de la Villette \u00e0 Paris, le PROJET FAILLE pr\u00e9sentera son travail \u00e0 l&rsquo;occasion d&rsquo;une sortie de r\u00e9sidence le <strong>vendredi 26 mars \u00e0 15h30<\/strong>.<br><\/p>\n\n\n\n<p>Le nombre de place \u00e9tant limit\u00e9 nous vous invitons \u00e0 contacter <strong>Nathalie Untersinger<\/strong> pour toute demande de r\u00e9servation ou pour toute demande d&rsquo;informations : nath.untersinger@gmail.com \/ 06 60 47 65 36<\/p>\n\n\n\n<p>Au plaisir de vous rencontrer \u00e0 l&rsquo;Espace P\u00e9riph\u00e9rique ! <\/p>\n\n\n\n<figure class=\"wp-block-image\"><img loading=\"lazy\" decoding=\"async\" width=\"1024\" height=\"683\" src=\"http:\/\/www.jerome-thomas.fr\/actualite\/wp-content\/uploads\/2021\/03\/trio-faille--1024x683.jpg\" alt=\"\" class=\"wp-image-612\" srcset=\"http:\/\/www.jerome-thomas.fr\/actualite\/wp-content\/uploads\/2021\/03\/trio-faille--1024x683.jpg 1024w, http:\/\/www.jerome-thomas.fr\/actualite\/wp-content\/uploads\/2021\/03\/trio-faille--600x400.jpg 600w, http:\/\/www.jerome-thomas.fr\/actualite\/wp-content\/uploads\/2021\/03\/trio-faille--768x512.jpg 768w, http:\/\/www.jerome-thomas.fr\/actualite\/wp-content\/uploads\/2021\/03\/trio-faille--1200x800.jpg 1200w, http:\/\/www.jerome-thomas.fr\/actualite\/wp-content\/uploads\/2021\/03\/trio-faille-.jpg 2048w\" sizes=\"auto, (max-width: 767px) 89vw, (max-width: 1000px) 54vw, (max-width: 1071px) 543px, 580px\" \/><\/figure>\n","protected":false},"excerpt":{"rendered":"<p>Apr\u00e8s deux semaines de r\u00e9sidence \u00e0 l&rsquo;Espace P\u00e9riph\u00e9rique de la Villette \u00e0 Paris, le PROJET FAILLE pr\u00e9sentera son travail \u00e0 l&rsquo;occasion d&rsquo;une sortie de r\u00e9sidence le vendredi 26 mars \u00e0 15h30. Le nombre de place \u00e9tant limit\u00e9 nous vous invitons \u00e0 contacter Nathalie Untersinger pour toute demande de r\u00e9servation ou pour toute demande d&rsquo;informations : &hellip; <\/p>\n<p class=\"link-more\"><a href=\"http:\/\/www.jerome-thomas.fr\/actualite\/projet-faille-sortie-de-residence\/\" class=\"more-link\">Continuer la lecture<span class=\"screen-reader-text\"> de &laquo;&nbsp;PROJET FAILLE : sortie de r\u00e9sidence&nbsp;&raquo;<\/span><\/a><\/p>\n","protected":false},"author":2,"featured_media":0,"comment_status":"closed","ping_status":"open","sticky":false,"template":"","format":"standard","meta":{"footnotes":""},"categories":[6],"tags":[],"class_list":["post-611","post","type-post","status-publish","format-standard","hentry","category-saison-2020-2021"],"_links":{"self":[{"href":"http:\/\/www.jerome-thomas.fr\/actualite\/wp-json\/wp\/v2\/posts\/611","targetHints":{"allow":["GET"]}}],"collection":[{"href":"http:\/\/www.jerome-thomas.fr\/actualite\/wp-json\/wp\/v2\/posts"}],"about":[{"href":"http:\/\/www.jerome-thomas.fr\/actualite\/wp-json\/wp\/v2\/types\/post"}],"author":[{"embeddable":true,"href":"http:\/\/www.jerome-thomas.fr\/actualite\/wp-json\/wp\/v2\/users\/2"}],"replies":[{"embeddable":true,"href":"http:\/\/www.jerome-thomas.fr\/actualite\/wp-json\/wp\/v2\/comments?post=611"}],"version-history":[{"count":1,"href":"http:\/\/www.jerome-thomas.fr\/actualite\/wp-json\/wp\/v2\/posts\/611\/revisions"}],"predecessor-version":[{"id":613,"href":"http:\/\/www.jerome-thomas.fr\/actualite\/wp-json\/wp\/v2\/posts\/611\/revisions\/613"}],"wp:attachment":[{"href":"http:\/\/www.jerome-thomas.fr\/actualite\/wp-json\/wp\/v2\/media?parent=611"}],"wp:term":[{"taxonomy":"category","embeddable":true,"href":"http:\/\/www.jerome-thomas.fr\/actualite\/wp-json\/wp\/v2\/categories?post=611"},{"taxonomy":"post_tag","embeddable":true,"href":"http:\/\/www.jerome-thomas.fr\/actualite\/wp-json\/wp\/v2\/tags?post=611"}],"curies":[{"name":"wp","href":"https:\/\/api.w.org\/{rel}","templated":true}]}}