{"id":594,"date":"2020-12-01T09:50:18","date_gmt":"2020-12-01T09:50:18","guid":{"rendered":"http:\/\/www.jerome-thomas.fr\/actualite\/?p=594"},"modified":"2021-06-25T14:57:09","modified_gmt":"2021-06-25T14:57:09","slug":"le-cirque-lili-au-centre-hospitalier-de-la-chartreuse","status":"publish","type":"post","link":"http:\/\/www.jerome-thomas.fr\/actualite\/le-cirque-lili-au-centre-hospitalier-de-la-chartreuse\/","title":{"rendered":"Le Cirque Lili au centre hospitalier de la Chartreuse !"},"content":{"rendered":"\n<figure class=\"wp-block-image\"><img loading=\"lazy\" decoding=\"async\" width=\"1024\" height=\"768\" src=\"http:\/\/www.jerome-thomas.fr\/actualite\/wp-content\/uploads\/2020\/12\/DSC02187-1024x768.jpg\" alt=\"\" class=\"wp-image-595\" srcset=\"http:\/\/www.jerome-thomas.fr\/actualite\/wp-content\/uploads\/2020\/12\/DSC02187-1024x768.jpg 1024w, http:\/\/www.jerome-thomas.fr\/actualite\/wp-content\/uploads\/2020\/12\/DSC02187-600x450.jpg 600w, http:\/\/www.jerome-thomas.fr\/actualite\/wp-content\/uploads\/2020\/12\/DSC02187-768x576.jpg 768w, http:\/\/www.jerome-thomas.fr\/actualite\/wp-content\/uploads\/2020\/12\/DSC02187-1200x900.jpg 1200w\" sizes=\"auto, (max-width: 767px) 89vw, (max-width: 1000px) 54vw, (max-width: 1071px) 543px, 580px\" \/><figcaption>1er jour de montage du Cirque Lili \u00e0 la Chartreuse<br>\u00a9Compagnie J\u00e9r\u00f4me Thomas<\/figcaption><\/figure>\n\n\n\n<p><\/p>\n\n\n\n<p>Lancement du projet Cirque \u00e0 l\u2019H\u00f4pital au Centre Hospitalier de La Chartreuse \u00e0 Dijon.<\/p>\n\n\n\n<p style=\"font-size:0\"><strong>Premi\u00e8re \u00e9tape<\/strong>&nbsp;: Montage du Chapiteau du Cirque Lili de la compagnie jusqu\u2019\u00e0 vendredi.<\/p>\n\n\n\n<p>Le chapiteau accueillera des ateliers de pratiques artistiques avec les patients, des r\u00e9sidences d\u2019artistes et bien s\u00fbr le spectacle \u00ab\u00a0La piste aux \u00e9toiles\u2026filantes\u00a0\u00bb aboutissement du travail des ateliers au mois de juin 2021. Patience&#8230; Plus d&rsquo;informations dans quelques semaines.<br><\/p>\n\n\n\n<p>L\u2019implantation du chapiteau sera l\u2019occasion pour la compagnie de proposer un atelier ouvert men\u00e9 par J\u00e9r\u00f4me Thomas, 1 \u00e0 2 fois par mois de janvier \u00e0 juin 2021.&nbsp;<\/p>\n\n\n\n<p>En attendant, n\u2019h\u00e9sitez pas \u00e0 suivre notre page Facebook pour d\u00e9couvrir tout au long de la semaine des photos de l\u2019avanc\u00e9e du montage\u00a0!\u00a0<\/p>\n","protected":false},"excerpt":{"rendered":"<p>Lancement du projet Cirque \u00e0 l\u2019H\u00f4pital au Centre Hospitalier de La Chartreuse \u00e0 Dijon. Premi\u00e8re \u00e9tape&nbsp;: Montage du Chapiteau du Cirque Lili de la compagnie jusqu\u2019\u00e0 vendredi. Le chapiteau accueillera des ateliers de pratiques artistiques avec les patients, des r\u00e9sidences d\u2019artistes et bien s\u00fbr le spectacle \u00ab\u00a0La piste aux \u00e9toiles\u2026filantes\u00a0\u00bb aboutissement du travail des ateliers &hellip; <\/p>\n<p class=\"link-more\"><a href=\"http:\/\/www.jerome-thomas.fr\/actualite\/le-cirque-lili-au-centre-hospitalier-de-la-chartreuse\/\" class=\"more-link\">Continuer la lecture<span class=\"screen-reader-text\"> de &laquo;&nbsp;Le Cirque Lili au centre hospitalier de la Chartreuse !&nbsp;&raquo;<\/span><\/a><\/p>\n","protected":false},"author":2,"featured_media":0,"comment_status":"closed","ping_status":"open","sticky":false,"template":"","format":"standard","meta":{"footnotes":""},"categories":[6,11],"tags":[],"class_list":["post-594","post","type-post","status-publish","format-standard","hentry","category-saison-2020-2021","category-sous-le-cirque-lili"],"_links":{"self":[{"href":"http:\/\/www.jerome-thomas.fr\/actualite\/wp-json\/wp\/v2\/posts\/594","targetHints":{"allow":["GET"]}}],"collection":[{"href":"http:\/\/www.jerome-thomas.fr\/actualite\/wp-json\/wp\/v2\/posts"}],"about":[{"href":"http:\/\/www.jerome-thomas.fr\/actualite\/wp-json\/wp\/v2\/types\/post"}],"author":[{"embeddable":true,"href":"http:\/\/www.jerome-thomas.fr\/actualite\/wp-json\/wp\/v2\/users\/2"}],"replies":[{"embeddable":true,"href":"http:\/\/www.jerome-thomas.fr\/actualite\/wp-json\/wp\/v2\/comments?post=594"}],"version-history":[{"count":3,"href":"http:\/\/www.jerome-thomas.fr\/actualite\/wp-json\/wp\/v2\/posts\/594\/revisions"}],"predecessor-version":[{"id":598,"href":"http:\/\/www.jerome-thomas.fr\/actualite\/wp-json\/wp\/v2\/posts\/594\/revisions\/598"}],"wp:attachment":[{"href":"http:\/\/www.jerome-thomas.fr\/actualite\/wp-json\/wp\/v2\/media?parent=594"}],"wp:term":[{"taxonomy":"category","embeddable":true,"href":"http:\/\/www.jerome-thomas.fr\/actualite\/wp-json\/wp\/v2\/categories?post=594"},{"taxonomy":"post_tag","embeddable":true,"href":"http:\/\/www.jerome-thomas.fr\/actualite\/wp-json\/wp\/v2\/tags?post=594"}],"curies":[{"name":"wp","href":"https:\/\/api.w.org\/{rel}","templated":true}]}}