{"id":587,"date":"2020-10-27T10:52:15","date_gmt":"2020-10-27T10:52:15","guid":{"rendered":"http:\/\/www.jerome-thomas.fr\/actualite\/?p=587"},"modified":"2021-06-13T18:05:32","modified_gmt":"2021-06-13T18:05:32","slug":"i-solo-a-perpignan","status":"publish","type":"post","link":"http:\/\/www.jerome-thomas.fr\/actualite\/i-solo-a-perpignan\/","title":{"rendered":"i Solo \u00e0 Perpignan"},"content":{"rendered":"\n<h3 class=\"wp-block-heading\">Solo jongl\u00e9 et parl\u00e9 de et par J\u00e9r\u00f4me Thomas<\/h3>\n\n\n\n<p><strong>Vendredi 6 et samedi 7 novembre \u00e0 18h30<\/strong><\/p>\n\n\n\n<p>ATTENTION ! Changement d&rsquo;horaires en raison du couvre-feu. Le spectacle aura lieu \u00e0 18h30, les 2 soirs.<\/p>\n\n\n\n<p>i-Solo, \u00ab auto-portrait tout en bonds et en rebonds \u00bb, est un long po\u00e8me jongl\u00e9 et chor\u00e9graphi\u00e9, avec plumes, cannes, grelots et objets sonores.Avec des textes cisel\u00e9s et pleins d\u2019humours, J\u00e9r\u00f4me Thomas, ce grand r\u00eaveur au sens de l\u2019absurde ac\u00e9r\u00e9 nous embarque avec lui dans ce moment suspendu, onirique et philosophique.<\/p>\n\n\n\n<figure class=\"wp-block-image\"><img loading=\"lazy\" decoding=\"async\" width=\"800\" height=\"534\" src=\"http:\/\/www.jerome-thomas.fr\/actualite\/wp-content\/uploads\/2019\/02\/ligne-BD.jpg\" alt=\"\" class=\"wp-image-414\" srcset=\"http:\/\/www.jerome-thomas.fr\/actualite\/wp-content\/uploads\/2019\/02\/ligne-BD.jpg 800w, http:\/\/www.jerome-thomas.fr\/actualite\/wp-content\/uploads\/2019\/02\/ligne-BD-600x401.jpg 600w, http:\/\/www.jerome-thomas.fr\/actualite\/wp-content\/uploads\/2019\/02\/ligne-BD-768x513.jpg 768w\" sizes=\"auto, (max-width: 767px) 89vw, (max-width: 1000px) 54vw, (max-width: 1071px) 543px, 580px\" \/><figcaption>\u00a9 Christophe Raynaud de Lage<\/figcaption><\/figure>\n","protected":false},"excerpt":{"rendered":"<p>Solo jongl\u00e9 et parl\u00e9 de et par J\u00e9r\u00f4me Thomas Vendredi 6 et samedi 7 novembre \u00e0 18h30 ATTENTION ! Changement d&rsquo;horaires en raison du couvre-feu. Le spectacle aura lieu \u00e0 18h30, les 2 soirs. i-Solo, \u00ab auto-portrait tout en bonds et en rebonds \u00bb, est un long po\u00e8me jongl\u00e9 et chor\u00e9graphi\u00e9, avec plumes, cannes, grelots &hellip; <\/p>\n<p class=\"link-more\"><a href=\"http:\/\/www.jerome-thomas.fr\/actualite\/i-solo-a-perpignan\/\" class=\"more-link\">Continuer la lecture<span class=\"screen-reader-text\"> de &laquo;&nbsp;i Solo \u00e0 Perpignan&nbsp;&raquo;<\/span><\/a><\/p>\n","protected":false},"author":2,"featured_media":0,"comment_status":"closed","ping_status":"open","sticky":false,"template":"","format":"standard","meta":{"footnotes":""},"categories":[6],"tags":[],"class_list":["post-587","post","type-post","status-publish","format-standard","hentry","category-saison-2020-2021"],"_links":{"self":[{"href":"http:\/\/www.jerome-thomas.fr\/actualite\/wp-json\/wp\/v2\/posts\/587","targetHints":{"allow":["GET"]}}],"collection":[{"href":"http:\/\/www.jerome-thomas.fr\/actualite\/wp-json\/wp\/v2\/posts"}],"about":[{"href":"http:\/\/www.jerome-thomas.fr\/actualite\/wp-json\/wp\/v2\/types\/post"}],"author":[{"embeddable":true,"href":"http:\/\/www.jerome-thomas.fr\/actualite\/wp-json\/wp\/v2\/users\/2"}],"replies":[{"embeddable":true,"href":"http:\/\/www.jerome-thomas.fr\/actualite\/wp-json\/wp\/v2\/comments?post=587"}],"version-history":[{"count":7,"href":"http:\/\/www.jerome-thomas.fr\/actualite\/wp-json\/wp\/v2\/posts\/587\/revisions"}],"predecessor-version":[{"id":997,"href":"http:\/\/www.jerome-thomas.fr\/actualite\/wp-json\/wp\/v2\/posts\/587\/revisions\/997"}],"wp:attachment":[{"href":"http:\/\/www.jerome-thomas.fr\/actualite\/wp-json\/wp\/v2\/media?parent=587"}],"wp:term":[{"taxonomy":"category","embeddable":true,"href":"http:\/\/www.jerome-thomas.fr\/actualite\/wp-json\/wp\/v2\/categories?post=587"},{"taxonomy":"post_tag","embeddable":true,"href":"http:\/\/www.jerome-thomas.fr\/actualite\/wp-json\/wp\/v2\/tags?post=587"}],"curies":[{"name":"wp","href":"https:\/\/api.w.org\/{rel}","templated":true}]}}