{"id":560,"date":"2020-07-31T14:52:17","date_gmt":"2020-07-31T14:52:17","guid":{"rendered":"http:\/\/www.jerome-thomas.fr\/actualite\/?p=560"},"modified":"2021-06-12T20:40:39","modified_gmt":"2021-06-12T20:40:39","slug":"la-jongle-des-mots","status":"publish","type":"post","link":"http:\/\/www.jerome-thomas.fr\/actualite\/la-jongle-des-mots\/","title":{"rendered":"La jongle des mots"},"content":{"rendered":"\n<p>Les bureaux de la compagnie J\u00e9r\u00f4me Thomas seront ferm\u00e9s du lundi 3 ao\u00fbt au mercredi 19 ao\u00fbt 2020.<br>En attendant de vous retrouver.<br>Nous vous souhaitons un tr\u00e8s bel \u00e9t\u00e9!<\/p>\n\n\n\n<p class=\"has-text-align-left has-vivid-red-color has-text-color\">Mais avant cela, retrouvons nous <strong>Samedi 1er ao\u00fbt<\/strong> pour  <em><strong>La Jongle des mots<\/strong><\/em> au Ch\u00e2teau de Ch\u00e2teauneuf-en-Auxois.<\/p>\n\n\n\n<figure class=\"wp-block-image\"><img loading=\"lazy\" decoding=\"async\" width=\"1024\" height=\"682\" src=\"http:\/\/www.jerome-thomas.fr\/actualite\/wp-content\/uploads\/2020\/07\/180314_RdL_0288-1024x682.jpg\" alt=\"\" class=\"wp-image-551\" srcset=\"http:\/\/www.jerome-thomas.fr\/actualite\/wp-content\/uploads\/2020\/07\/180314_RdL_0288-1024x682.jpg 1024w, http:\/\/www.jerome-thomas.fr\/actualite\/wp-content\/uploads\/2020\/07\/180314_RdL_0288-600x400.jpg 600w, http:\/\/www.jerome-thomas.fr\/actualite\/wp-content\/uploads\/2020\/07\/180314_RdL_0288-768x512.jpg 768w, http:\/\/www.jerome-thomas.fr\/actualite\/wp-content\/uploads\/2020\/07\/180314_RdL_0288-1200x800.jpg 1200w, http:\/\/www.jerome-thomas.fr\/actualite\/wp-content\/uploads\/2020\/07\/180314_RdL_0288.jpg 1840w\" sizes=\"auto, (max-width: 767px) 89vw, (max-width: 1000px) 54vw, (max-width: 1071px) 543px, 580px\" \/><figcaption>cr\u00e9dit photo\nChristophe Raynaud De Lage<\/figcaption><\/figure>\n","protected":false},"excerpt":{"rendered":"<p>Les bureaux de la compagnie J\u00e9r\u00f4me Thomas seront ferm\u00e9s du lundi 3 ao\u00fbt au mercredi 19 ao\u00fbt 2020.En attendant de vous retrouver.Nous vous souhaitons un tr\u00e8s bel \u00e9t\u00e9! Mais avant cela, retrouvons nous Samedi 1er ao\u00fbt pour La Jongle des mots au Ch\u00e2teau de Ch\u00e2teauneuf-en-Auxois.<\/p>\n","protected":false},"author":2,"featured_media":0,"comment_status":"closed","ping_status":"open","sticky":false,"template":"","format":"standard","meta":{"footnotes":""},"categories":[7],"tags":[],"class_list":["post-560","post","type-post","status-publish","format-standard","hentry","category-saison-2019-2020"],"_links":{"self":[{"href":"http:\/\/www.jerome-thomas.fr\/actualite\/wp-json\/wp\/v2\/posts\/560","targetHints":{"allow":["GET"]}}],"collection":[{"href":"http:\/\/www.jerome-thomas.fr\/actualite\/wp-json\/wp\/v2\/posts"}],"about":[{"href":"http:\/\/www.jerome-thomas.fr\/actualite\/wp-json\/wp\/v2\/types\/post"}],"author":[{"embeddable":true,"href":"http:\/\/www.jerome-thomas.fr\/actualite\/wp-json\/wp\/v2\/users\/2"}],"replies":[{"embeddable":true,"href":"http:\/\/www.jerome-thomas.fr\/actualite\/wp-json\/wp\/v2\/comments?post=560"}],"version-history":[{"count":5,"href":"http:\/\/www.jerome-thomas.fr\/actualite\/wp-json\/wp\/v2\/posts\/560\/revisions"}],"predecessor-version":[{"id":916,"href":"http:\/\/www.jerome-thomas.fr\/actualite\/wp-json\/wp\/v2\/posts\/560\/revisions\/916"}],"wp:attachment":[{"href":"http:\/\/www.jerome-thomas.fr\/actualite\/wp-json\/wp\/v2\/media?parent=560"}],"wp:term":[{"taxonomy":"category","embeddable":true,"href":"http:\/\/www.jerome-thomas.fr\/actualite\/wp-json\/wp\/v2\/categories?post=560"},{"taxonomy":"post_tag","embeddable":true,"href":"http:\/\/www.jerome-thomas.fr\/actualite\/wp-json\/wp\/v2\/tags?post=560"}],"curies":[{"name":"wp","href":"https:\/\/api.w.org\/{rel}","templated":true}]}}