{"id":445,"date":"2019-09-09T11:30:13","date_gmt":"2019-09-09T11:30:13","guid":{"rendered":"http:\/\/www.jerome-thomas.fr\/actualite\/?p=445"},"modified":"2021-06-15T10:18:34","modified_gmt":"2021-06-15T10:18:34","slug":"la-cie-jerome-thomas-est-desormais-en-transition","status":"publish","type":"post","link":"http:\/\/www.jerome-thomas.fr\/actualite\/la-cie-jerome-thomas-est-desormais-en-transition\/","title":{"rendered":"La Cie J\u00e9r\u00f4me Thomas est d\u00e9sormais en transition &#8230;"},"content":{"rendered":"<blockquote>\n<p>Des cr\u00e9ations qui d\u00e9livrent des utopies et esth\u00e9tiques nouvelles ; des productions qui se veulent adapt\u00e9es \u00e0 des milieux en mutation, en lien avec d&rsquo;autres femmes et hommes de la renaissance \u00e9cologique, mettons en oeuvre une nouvelle fa\u00e7ons de faire notre m\u00e9tier.\u00a0 Nous ne manquerons pas de vous en dire plus dans les mois qui viennent&#8230;<\/p>\n<\/blockquote>\n<h4><strong>Nouvelle cr\u00e9ation : premi\u00e8res \u00e9bauches de <em>Dansons sur le malheur<\/em> \u00e0 Dijon, au Th\u00e9\u00e2tre Mansart.<\/strong><\/h4>\n<p><img loading=\"lazy\" decoding=\"async\" class=\"alignnone size-medium wp-image-452\" src=\"http:\/\/www.jerome-thomas.fr\/actualite\/wp-content\/uploads\/2019\/09\/Dansons-sur-le-malheur-2019-600x286.png\" alt=\"Dansons sur le malheur-2019\" width=\"600\" height=\"286\" srcset=\"http:\/\/www.jerome-thomas.fr\/actualite\/wp-content\/uploads\/2019\/09\/Dansons-sur-le-malheur-2019-600x286.png 600w, http:\/\/www.jerome-thomas.fr\/actualite\/wp-content\/uploads\/2019\/09\/Dansons-sur-le-malheur-2019-768x366.png 768w, http:\/\/www.jerome-thomas.fr\/actualite\/wp-content\/uploads\/2019\/09\/Dansons-sur-le-malheur-2019-1024x488.png 1024w, http:\/\/www.jerome-thomas.fr\/actualite\/wp-content\/uploads\/2019\/09\/Dansons-sur-le-malheur-2019.png 1192w\" sizes=\"auto, (max-width: 600px) 100vw, 600px\" \/><span style=\"color: #666699;\"><em>Photo : JT<\/em><\/span><\/p>\n<p><em>C&rsquo;est une \u0153uvre chor\u00e9graphique et jonglistique pour deux interpr\u00e8tes f\u00e9minines. Une \u00e9tude approfondie du rapport de ma pratique du mouvement et l\u2019\u00e9tude tout aussi investie de ma pratique de la manipulation d\u2019objets. Un \u0153uf, des \u0153ufs.<\/em><br \/><em>Une sc\u00e9nographie, o\u00f9 la sc\u00e8ne sera tapiss\u00e9e de ces m\u00eames \u0153ufs, pour symboliser notre plan\u00e8te sensible et fragile, \u00e9cosyst\u00e8me en sursis.<\/em><br \/><em>Une peinture-vid\u00e9o \u00e9volutive pour repr\u00e9senter un soleil chaque jour plus intense et plus chaud, et deux s\u0153urs sosies, jumelles, siamoises, qui dansent sur le malheur dans le d\u00e9ni du r\u00e9el.<\/em><br \/><em>Un \u0153uf se cassera-t-il ?<\/em><br \/><em>Une m\u00e9taphore po\u00e9tique pour une urgence climatique.<\/em><\/p>\n<p>\u00a9 J\u00e9r\u00f4me Thomas \u2013 Dijon &#8211; le 12 juin 2019<\/p>\n<h4><strong>et voici nos premiers rendez-vous en tourn\u00e9e<\/strong><\/h4>\n<h3><span style=\"color: #993366;\"><em>Magn\u00e9tic<\/em><\/span><\/h3>\n<p>L&rsquo;\u00e9l\u00e9gant et hypotique Magn\u00e9tic\u00a0sort des fronti\u00e8res et va jouer en Hongrie.<br \/>Il est invit\u00e9 au <strong>Traf\u00f2-K\u00f2rtars \u00e0 Budapest les 20 et 21 septembre \u00e0 20h<\/strong>.<\/p>\n<blockquote>\n<h3><span style=\"color: #993366;\">i-Solo<\/span><\/h3>\n<\/blockquote>\n<p>Une performance parl\u00e9e, jongl\u00e9e et musiqu\u00e9e par et avec J\u00e9r\u00f4me Thomas.<\/p>\n<p><strong>Le 3 octobre \u00e0 20h<\/strong><br \/>nous serons accueillis sous le grand <strong>chapiteau de l&rsquo;Acad\u00e9mie Fratellini<\/strong><br \/><a href=\"https:\/\/www.academie-fratellini.com\/spectacles\/saison-2019-2020\/agenda\/i-solo.html\" target=\"_blank\" rel=\"noopener\">www.academie-fratellini.com\/spectacles\/saison-2019-2020\/agenda\/i-solo.html<\/a><\/p>\n<p><strong>les 11 et 12 octobre \u00e0 21h<\/strong><br \/>au Caf\u00e9 Muller, <strong>Fondazione Cirko Vertigo \u00e0 Turin<\/strong> (Italie)<\/p>\n<p><strong>le 20 octobre \u00e0 22h30, 21 octobre \u00e0 14h30 et 22 octobre \u00e0 20h30<\/strong><br \/><strong>Festival CIRCa \u00e0 Auch<\/strong>\u00a0dans la salle du Mouzon\/<br \/>billeterie 0562616502<br \/><a href=\"http:\/\/www.circa.auch.fr\/index.php\/fr\/\" target=\"_blank\" rel=\"noopener\">www.circa.auch.fr\/index.php\/fr\/<\/a><\/p>\n\n\n<p><\/p>\n","protected":false},"excerpt":{"rendered":"<p>Des cr\u00e9ations qui d\u00e9livrent des utopies et esth\u00e9tiques nouvelles ; des productions qui se veulent adapt\u00e9es \u00e0 des milieux en mutation, en lien avec d&rsquo;autres femmes et hommes de la renaissance \u00e9cologique, mettons en oeuvre une nouvelle fa\u00e7ons de faire notre m\u00e9tier.\u00a0 Nous ne manquerons pas de vous en dire plus dans les mois qui &hellip; <\/p>\n<p class=\"link-more\"><a href=\"http:\/\/www.jerome-thomas.fr\/actualite\/la-cie-jerome-thomas-est-desormais-en-transition\/\" class=\"more-link\">Continuer la lecture<span class=\"screen-reader-text\"> de &laquo;&nbsp;La Cie J\u00e9r\u00f4me Thomas est d\u00e9sormais en transition &#8230;&nbsp;&raquo;<\/span><\/a><\/p>\n","protected":false},"author":2,"featured_media":0,"comment_status":"closed","ping_status":"open","sticky":false,"template":"","format":"standard","meta":{"footnotes":""},"categories":[7],"tags":[],"class_list":["post-445","post","type-post","status-publish","format-standard","hentry","category-saison-2019-2020"],"_links":{"self":[{"href":"http:\/\/www.jerome-thomas.fr\/actualite\/wp-json\/wp\/v2\/posts\/445","targetHints":{"allow":["GET"]}}],"collection":[{"href":"http:\/\/www.jerome-thomas.fr\/actualite\/wp-json\/wp\/v2\/posts"}],"about":[{"href":"http:\/\/www.jerome-thomas.fr\/actualite\/wp-json\/wp\/v2\/types\/post"}],"author":[{"embeddable":true,"href":"http:\/\/www.jerome-thomas.fr\/actualite\/wp-json\/wp\/v2\/users\/2"}],"replies":[{"embeddable":true,"href":"http:\/\/www.jerome-thomas.fr\/actualite\/wp-json\/wp\/v2\/comments?post=445"}],"version-history":[{"count":14,"href":"http:\/\/www.jerome-thomas.fr\/actualite\/wp-json\/wp\/v2\/posts\/445\/revisions"}],"predecessor-version":[{"id":1037,"href":"http:\/\/www.jerome-thomas.fr\/actualite\/wp-json\/wp\/v2\/posts\/445\/revisions\/1037"}],"wp:attachment":[{"href":"http:\/\/www.jerome-thomas.fr\/actualite\/wp-json\/wp\/v2\/media?parent=445"}],"wp:term":[{"taxonomy":"category","embeddable":true,"href":"http:\/\/www.jerome-thomas.fr\/actualite\/wp-json\/wp\/v2\/categories?post=445"},{"taxonomy":"post_tag","embeddable":true,"href":"http:\/\/www.jerome-thomas.fr\/actualite\/wp-json\/wp\/v2\/tags?post=445"}],"curies":[{"name":"wp","href":"https:\/\/api.w.org\/{rel}","templated":true}]}}