{"id":240,"date":"2017-10-31T16:53:28","date_gmt":"2017-10-31T16:53:28","guid":{"rendered":"http:\/\/www.jerome-thomas.fr\/actualite\/?p=240"},"modified":"2021-06-13T14:21:20","modified_gmt":"2021-06-13T14:21:20","slug":"un-automne-magnetique","status":"publish","type":"post","link":"http:\/\/www.jerome-thomas.fr\/actualite\/un-automne-magnetique\/","title":{"rendered":"Un automne magn\u00e9tique&#8230;"},"content":{"rendered":"<p>Les premi\u00e8res repr\u00e9sentations de \u00ab\u00a0Magn\u00e9tic\u00a0\u00bb\u00e0 Dijon sont derri\u00e8re nous et nous sommes heureux de ces trois jours intenses.<\/p>\n<p>Le quartet de jongleuses mis superbement en lumi\u00e8re par Bernard Revel, assist\u00e9 de Dominique Mercier-Balaz, et port\u00e9 par la puissance de la composition sonore de Wilfried Wendling, avec la collaboration de Gr\u00e9gory Joubert, a subjugu\u00e9 les spectateurs.<\/p>\n<p><span style=\"color: #993366;\"><strong><em>Magn\u00e9tic est une \u0153uvre envo\u00fbtante, \u00e0 la crois\u00e9e de plusieurs arts, dont l\u2019amplitude et les effets hypnotiques vont crescendo ! <\/em>Toutes les dates pour le d\u00e9couvrir en 2018 sur le site.<\/strong><\/span><\/p>\n<figure id=\"attachment_242\" aria-describedby=\"caption-attachment-242\" style=\"width: 400px\" class=\"wp-caption aligncenter\"><img loading=\"lazy\" decoding=\"async\" class=\"size-medium wp-image-242\" src=\"http:\/\/www.jerome-thomas.fr\/actualite\/wp-content\/uploads\/2017\/10\/171016_RdL_0116-400x600.jpg\" alt=\"MAGNETIC- Un projet de J\u00e9r\u00f4me Thomas - interpr\u00e9tation du quartet : Audrey Decaillon*- Chlo\u00e9 Mazet*- Ria Rehfuss - Nicoletta Battaglia*- Gaelle Cathelineau* ou Viola Ferraris - * Interpr\u00e8tes qui assurent les repr\u00e9sentations de la Cr\u00e9ation \u00e0 Dijon. Musique : Wilfried Wendling - Cr\u00e9ation lumi\u00e8re\u00a0: Bernard Revel - Cr\u00e9ation accessoires et costumes\u00a0: Emmanuelle Grobet - Lieu : Th\u00e9\u00e2tre de Mansart - Ville : Dijon - Le 16 10 2017 - Photo : Christophe RAYNAUD DE LAGE\" width=\"400\" height=\"600\" srcset=\"http:\/\/www.jerome-thomas.fr\/actualite\/wp-content\/uploads\/2017\/10\/171016_RdL_0116-400x600.jpg 400w, http:\/\/www.jerome-thomas.fr\/actualite\/wp-content\/uploads\/2017\/10\/171016_RdL_0116-768x1152.jpg 768w, http:\/\/www.jerome-thomas.fr\/actualite\/wp-content\/uploads\/2017\/10\/171016_RdL_0116-683x1024.jpg 683w, http:\/\/www.jerome-thomas.fr\/actualite\/wp-content\/uploads\/2017\/10\/171016_RdL_0116-1200x1800.jpg 1200w\" sizes=\"auto, (max-width: 400px) 100vw, 400px\" \/><figcaption id=\"caption-attachment-242\" class=\"wp-caption-text\">MAGNETIC-avec Nicoletta Battaglia, Ga\u00eblle Cathelineau, Audrey Decaillon, Chlo\u00e9 Mazet<br \/>Photo : Christophe RAYNAUD DE LAGE<\/figcaption><\/figure>\n<h4><span style=\"color: #993366;\">Au menu mois de Novembre, une cr\u00e9ation sur le m\u00e9tier et la reprise d&rsquo;un spectacle phare.<\/span><\/h4>\n<p>D\u00e9but novembre, J\u00e9r\u00f4me Thomas est en r\u00e9sidence au Cirque Jules Verne d\u2019Amiens, nouvelle \u00e9tape de la <strong>cr\u00e9ation d\u2019 <em>i-Solo<\/em><\/strong>.<\/p>\n<p><strong><em>I-Solo<\/em><\/strong> est un spectacle qui renouvelle pour J\u00e9r\u00f4me Thomas l&rsquo;approche de la sc\u00e8ne en tant qu\u2019auteur et interpr\u00e8te.<br \/>\n<strong>La cr\u00e9ation est annonc\u00e9e pour ao\u00fbt 2018 au Festival la Route du Sirque \u00e0 Nexon.<\/strong><br \/>\n<a href=\"http:\/\/www.cirquejulesverne.fr\/jerome-thomas\/\" target=\"_blank\" rel=\"noopener\">www.cirquejulesverne.fr\/jerome-thomas\/<\/a><\/p>\n<figure id=\"attachment_257\" aria-describedby=\"caption-attachment-257\" style=\"width: 3200px\" class=\"wp-caption alignnone\"><img loading=\"lazy\" decoding=\"async\" class=\"size-full wp-image-257\" src=\"http:\/\/www.jerome-thomas.fr\/actualite\/wp-content\/uploads\/2017\/10\/08_14011402_RdL_0466.jpg\" alt=\"\" width=\"3200\" height=\"2134\" srcset=\"http:\/\/www.jerome-thomas.fr\/actualite\/wp-content\/uploads\/2017\/10\/08_14011402_RdL_0466.jpg 3200w, http:\/\/www.jerome-thomas.fr\/actualite\/wp-content\/uploads\/2017\/10\/08_14011402_RdL_0466-600x400.jpg 600w, http:\/\/www.jerome-thomas.fr\/actualite\/wp-content\/uploads\/2017\/10\/08_14011402_RdL_0466-768x512.jpg 768w, http:\/\/www.jerome-thomas.fr\/actualite\/wp-content\/uploads\/2017\/10\/08_14011402_RdL_0466-1024x683.jpg 1024w, http:\/\/www.jerome-thomas.fr\/actualite\/wp-content\/uploads\/2017\/10\/08_14011402_RdL_0466-1200x800.jpg 1200w\" sizes=\"auto, (max-width: 767px) 89vw, (max-width: 1000px) 54vw, (max-width: 1071px) 543px, 580px\" \/><figcaption id=\"caption-attachment-257\" class=\"wp-caption-text\">\u00a9 Christophe Raynaud de Lage<\/figcaption><\/figure>\n<h4><span style=\"color: #993366;\">Deux hommes jonglaient dans leur t\u00eate<\/span><\/h4>\n<p>Le duo de Roland Auzet et J\u00e9r\u00f4me Thomas, cr\u00e9\u00e9 en 2008 n&rsquo;en finit pas de ravir les spectateurs, et ses interpr\u00e8tes ne sont pas r\u00e9solus \u00e0 l&rsquo;abandonner. Bonne nouvelle ! Le spectacle sera encore en tourn\u00e9e en 18\/19\u00a0!<\/p>\n<p>24 novembre\/ 14h ( scolaire ) et dimanche 26 novembre\/ 18h au Festival Aujourd\u2019hui Musique \u00e0 l\u2019Archipel, sc\u00e8ne nationale de Perpignan. Pour plus d&rsquo;infos : <a href=\"http:\/\/www.aujourdhuimusiques.com\/fam-deux-hommes.html\" target=\"_blank\" rel=\"noopener\">www.aujourdhuimusiques.com\/fam-deux-hommes.html <\/a><\/p>\n","protected":false},"excerpt":{"rendered":"<p>Les premi\u00e8res repr\u00e9sentations de \u00ab\u00a0Magn\u00e9tic\u00a0\u00bb\u00e0 Dijon sont derri\u00e8re nous et nous sommes heureux de ces trois jours intenses. Le quartet de jongleuses mis superbement en lumi\u00e8re par Bernard Revel, assist\u00e9 de Dominique Mercier-Balaz, et port\u00e9 par la puissance de la composition sonore de Wilfried Wendling, avec la collaboration de Gr\u00e9gory Joubert, a subjugu\u00e9 les spectateurs. &hellip; <\/p>\n<p class=\"link-more\"><a href=\"http:\/\/www.jerome-thomas.fr\/actualite\/un-automne-magnetique\/\" class=\"more-link\">Continuer la lecture<span class=\"screen-reader-text\"> de &laquo;&nbsp;Un automne magn\u00e9tique&#8230;&nbsp;&raquo;<\/span><\/a><\/p>\n","protected":false},"author":2,"featured_media":0,"comment_status":"closed","ping_status":"open","sticky":false,"template":"","format":"standard","meta":{"footnotes":""},"categories":[9],"tags":[],"class_list":["post-240","post","type-post","status-publish","format-standard","hentry","category-saison-2017-2018"],"_links":{"self":[{"href":"http:\/\/www.jerome-thomas.fr\/actualite\/wp-json\/wp\/v2\/posts\/240","targetHints":{"allow":["GET"]}}],"collection":[{"href":"http:\/\/www.jerome-thomas.fr\/actualite\/wp-json\/wp\/v2\/posts"}],"about":[{"href":"http:\/\/www.jerome-thomas.fr\/actualite\/wp-json\/wp\/v2\/types\/post"}],"author":[{"embeddable":true,"href":"http:\/\/www.jerome-thomas.fr\/actualite\/wp-json\/wp\/v2\/users\/2"}],"replies":[{"embeddable":true,"href":"http:\/\/www.jerome-thomas.fr\/actualite\/wp-json\/wp\/v2\/comments?post=240"}],"version-history":[{"count":25,"href":"http:\/\/www.jerome-thomas.fr\/actualite\/wp-json\/wp\/v2\/posts\/240\/revisions"}],"predecessor-version":[{"id":982,"href":"http:\/\/www.jerome-thomas.fr\/actualite\/wp-json\/wp\/v2\/posts\/240\/revisions\/982"}],"wp:attachment":[{"href":"http:\/\/www.jerome-thomas.fr\/actualite\/wp-json\/wp\/v2\/media?parent=240"}],"wp:term":[{"taxonomy":"category","embeddable":true,"href":"http:\/\/www.jerome-thomas.fr\/actualite\/wp-json\/wp\/v2\/categories?post=240"},{"taxonomy":"post_tag","embeddable":true,"href":"http:\/\/www.jerome-thomas.fr\/actualite\/wp-json\/wp\/v2\/tags?post=240"}],"curies":[{"name":"wp","href":"https:\/\/api.w.org\/{rel}","templated":true}]}}