{"id":229,"date":"2017-09-18T12:11:12","date_gmt":"2017-09-18T12:11:12","guid":{"rendered":"http:\/\/www.jerome-thomas.fr\/actualite\/?p=229"},"modified":"2021-06-13T14:27:28","modified_gmt":"2021-06-13T14:27:28","slug":"creation-de-magnetic-a-dijon","status":"publish","type":"post","link":"http:\/\/www.jerome-thomas.fr\/actualite\/creation-de-magnetic-a-dijon\/","title":{"rendered":"Cr\u00e9ation de Magn\u00e9tic \u00e0 Dijon"},"content":{"rendered":"<h4><span style=\"color: #993366;\">Au Th\u00e9\u00e2tre Mansart les 17,18 et 19 octobre<\/span><\/h4>\n<p><em><strong>Magn\u00e9tic<\/strong><\/em>, prochaine cr\u00e9ation de la Compagnie est sur les rails\u00a0!<\/p>\n<p><em>Apr\u00e8s deux semaines de r\u00e9sidence \u00e0 l\u2019Acad\u00e9mie Fratellini, les r\u00e9p\u00e9tions reprennent \u00e0 Dijon \u00e0 partir du 2 octobre.<\/em><\/p>\n<p>Une vingtaine d\u2019ann\u00e9es apr\u00e8s la cr\u00e9ation de HIC HOC, J\u00e9r\u00f4me Thomas s\u2019inspire de sa premi\u00e8re partie pour un nouvel acte de cr\u00e9ation o\u00f9 quatre jongleuses europ\u00e9ennes succ\u00e8dent au quartet masculin initial, et cl\u00f4t le spectacle d\u2019une fa\u00e7on in\u00e9dite.<\/p>\n<p>Le projet a \u00e9t\u00e9 initi\u00e9 en 2016 pour une Acad\u00e9mie In Vivo de l\u2019Ircam.<\/p>\n<p>La magie et la beaut\u00e9 brutes\u00a0de\u00a0Magn\u00e9tic,\u00a0la chor\u00e9graphie des corps et des objets, plongent\u00a0le public dans une exp\u00e9rience sensorielle rare.<\/p>\n<p><strong>17, 18, 19 septembre \u00e0 20H30 Au Th\u00e9\u00e2tre Mansart<\/strong><br \/>\n94 bld Mansart \u00e0 Dijon en collaboration avec CirQ\u2019\u00f4nflex<br \/>\n<a href=\"http:\/\/www.theatre-mansart.com\" target=\"_blank\" rel=\"noopener\">www.theatre-mansart.com<\/a><br \/>\nLien vid\u00e9o <a href=\"https:\/\/vimeo.com\/232025422?activityReferer=1\" target=\"_blank\" rel=\"noopener\">vimeo.com\/232025422?activityReferer=1<\/a><br \/>\nRetrouvez toutes les dates de la saison dans le calendrier\u00a0!<\/p>\n<h4><span style=\"color: #993366;\">Et \u00e9galement en septembre :\u00a0 les promenades !<\/span><\/h4>\n<p>La PROMENADE JONGL\u00c9E AU CH\u00c2TEAU cr\u00e9\u00e9e \u00e0 Venaria Reale dans le cadre du festival A CORTE- Fondazione Piemonte Europa, s\u2019est jou\u00e9e pour les journ\u00e9es du patrimoine les 16 et 17 septembre au CH\u00c2TEAU DE CHAMBORD et sera \u00e9galement visible en Espagne, \u00e0 Saragosse dans le cadre du FESTIVAL ZGZ EN SCENA. Projet In situ, \u00e0 chaque fois diff\u00e9rent, avec Nicoletta Battaglia et J\u00e9r\u00f4me Thomas.<\/p>\n","protected":false},"excerpt":{"rendered":"<p>Au Th\u00e9\u00e2tre Mansart les 17,18 et 19 octobre Magn\u00e9tic, prochaine cr\u00e9ation de la Compagnie est sur les rails\u00a0! Apr\u00e8s deux semaines de r\u00e9sidence \u00e0 l\u2019Acad\u00e9mie Fratellini, les r\u00e9p\u00e9tions reprennent \u00e0 Dijon \u00e0 partir du 2 octobre. Une vingtaine d\u2019ann\u00e9es apr\u00e8s la cr\u00e9ation de HIC HOC, J\u00e9r\u00f4me Thomas s\u2019inspire de sa premi\u00e8re partie pour un nouvel &hellip; <\/p>\n<p class=\"link-more\"><a href=\"http:\/\/www.jerome-thomas.fr\/actualite\/creation-de-magnetic-a-dijon\/\" class=\"more-link\">Continuer la lecture<span class=\"screen-reader-text\"> de &laquo;&nbsp;Cr\u00e9ation de Magn\u00e9tic \u00e0 Dijon&nbsp;&raquo;<\/span><\/a><\/p>\n","protected":false},"author":2,"featured_media":0,"comment_status":"closed","ping_status":"open","sticky":false,"template":"","format":"standard","meta":{"footnotes":""},"categories":[9],"tags":[],"class_list":["post-229","post","type-post","status-publish","format-standard","hentry","category-saison-2017-2018"],"_links":{"self":[{"href":"http:\/\/www.jerome-thomas.fr\/actualite\/wp-json\/wp\/v2\/posts\/229","targetHints":{"allow":["GET"]}}],"collection":[{"href":"http:\/\/www.jerome-thomas.fr\/actualite\/wp-json\/wp\/v2\/posts"}],"about":[{"href":"http:\/\/www.jerome-thomas.fr\/actualite\/wp-json\/wp\/v2\/types\/post"}],"author":[{"embeddable":true,"href":"http:\/\/www.jerome-thomas.fr\/actualite\/wp-json\/wp\/v2\/users\/2"}],"replies":[{"embeddable":true,"href":"http:\/\/www.jerome-thomas.fr\/actualite\/wp-json\/wp\/v2\/comments?post=229"}],"version-history":[{"count":6,"href":"http:\/\/www.jerome-thomas.fr\/actualite\/wp-json\/wp\/v2\/posts\/229\/revisions"}],"predecessor-version":[{"id":984,"href":"http:\/\/www.jerome-thomas.fr\/actualite\/wp-json\/wp\/v2\/posts\/229\/revisions\/984"}],"wp:attachment":[{"href":"http:\/\/www.jerome-thomas.fr\/actualite\/wp-json\/wp\/v2\/media?parent=229"}],"wp:term":[{"taxonomy":"category","embeddable":true,"href":"http:\/\/www.jerome-thomas.fr\/actualite\/wp-json\/wp\/v2\/categories?post=229"},{"taxonomy":"post_tag","embeddable":true,"href":"http:\/\/www.jerome-thomas.fr\/actualite\/wp-json\/wp\/v2\/tags?post=229"}],"curies":[{"name":"wp","href":"https:\/\/api.w.org\/{rel}","templated":true}]}}