{"id":1381,"date":"2023-06-20T09:13:34","date_gmt":"2023-06-20T08:13:34","guid":{"rendered":"http:\/\/www.jerome-thomas.fr\/actualite\/?p=1381"},"modified":"2023-06-28T10:56:46","modified_gmt":"2023-06-28T09:56:46","slug":"j-2","status":"publish","type":"post","link":"http:\/\/www.jerome-thomas.fr\/actualite\/j-2\/","title":{"rendered":"J-2 !"},"content":{"rendered":"\n<p>Assis au Cirque Lili, dans le cadre du Festival Prise de Cirq, c&rsquo;est jeudi 22, vendredi 23 et samedi 24 juin \u00e0 20h30 !<\/p>\n\n\n\n<p>Pour en savoir plus sur le spectacle, rendez-vous ici : <a href=\"https:\/\/bit.ly\/3NDZo2h?fbclid=IwAR3xxTghO30H-LuTLeHRwJ4w-Y8sS-qNASmDq245Jm88LnCB-cylPEpe_s4\" rel=\"noreferrer noopener\" target=\"_blank\">https:\/\/bit.ly\/3NDZo2h<\/a><\/p>\n\n\n\n<p><a><\/a>J\u00e9r\u00f4me Thomas \u00e9tait l&rsquo;invit\u00e9 de l&rsquo;\u00e9mission \u00ab\u00a0Vous \u00eates formidables\u00a0\u00bb de France 3 Bourgogne.<\/p>\n\n\n\n<p>N&rsquo;oubliez pas de prendre vos places sur la billetterie en ligne : <a href=\"http:\/\/www.cirqonflex.fr\/billetterie?fbclid=IwAR1Llc_8g7OF_wSD6OZPB-w0Bkpz4oWi97y2MhZOseSzwlis6qd_wo3AaPo\" rel=\"noreferrer noopener\" target=\"_blank\">www.cirqonflex.fr\/billetterie<\/a> ou de les r\u00e9server par t\u00e9l\u00e9phone au : 06.07.82.70.49<\/p>\n\n\n\n<p>A bient\u00f4t au Cirque Lili&#8230; <img loading=\"lazy\" decoding=\"async\" height=\"16\" width=\"16\" src=\"https:\/\/static.xx.fbcdn.net\/images\/emoji.php\/v9\/tca\/2\/16\/1f3aa.png\" alt=\"\ud83c\udfaa\"><\/p>\n\n\n\n<figure class=\"wp-block-image size-large\"><img loading=\"lazy\" decoding=\"async\" width=\"724\" height=\"1024\" src=\"http:\/\/www.jerome-thomas.fr\/actualite\/wp-content\/uploads\/2023\/06\/Photo-Jerome-seul-724x1024.png\" alt=\"\" class=\"wp-image-1382\" srcset=\"http:\/\/www.jerome-thomas.fr\/actualite\/wp-content\/uploads\/2023\/06\/Photo-Jerome-seul-724x1024.png 724w, http:\/\/www.jerome-thomas.fr\/actualite\/wp-content\/uploads\/2023\/06\/Photo-Jerome-seul-424x600.png 424w, http:\/\/www.jerome-thomas.fr\/actualite\/wp-content\/uploads\/2023\/06\/Photo-Jerome-seul-768x1086.png 768w, http:\/\/www.jerome-thomas.fr\/actualite\/wp-content\/uploads\/2023\/06\/Photo-Jerome-seul-1086x1536.png 1086w, http:\/\/www.jerome-thomas.fr\/actualite\/wp-content\/uploads\/2023\/06\/Photo-Jerome-seul.png 1414w\" sizes=\"auto, (max-width: 724px) 100vw, 724px\" \/><figcaption class=\"wp-element-caption\">\u00a9 Christophe Raynaud de Lage<\/figcaption><\/figure>\n","protected":false},"excerpt":{"rendered":"<p>Assis au Cirque Lili, dans le cadre du Festival Prise de Cirq, c&rsquo;est jeudi 22, vendredi 23 et samedi 24 juin \u00e0 20h30 ! Pour en savoir plus sur le spectacle, rendez-vous ici : https:\/\/bit.ly\/3NDZo2h J\u00e9r\u00f4me Thomas \u00e9tait l&rsquo;invit\u00e9 de l&rsquo;\u00e9mission \u00ab\u00a0Vous \u00eates formidables\u00a0\u00bb de France 3 Bourgogne. N&rsquo;oubliez pas de prendre vos places sur &hellip; <\/p>\n<p class=\"link-more\"><a href=\"http:\/\/www.jerome-thomas.fr\/actualite\/j-2\/\" class=\"more-link\">Continuer la lecture<span class=\"screen-reader-text\"> de &laquo;&nbsp;J-2 !&nbsp;&raquo;<\/span><\/a><\/p>\n","protected":false},"author":2,"featured_media":0,"comment_status":"closed","ping_status":"open","sticky":false,"template":"","format":"standard","meta":{"footnotes":""},"categories":[11],"tags":[],"class_list":["post-1381","post","type-post","status-publish","format-standard","hentry","category-sous-le-cirque-lili"],"_links":{"self":[{"href":"http:\/\/www.jerome-thomas.fr\/actualite\/wp-json\/wp\/v2\/posts\/1381","targetHints":{"allow":["GET"]}}],"collection":[{"href":"http:\/\/www.jerome-thomas.fr\/actualite\/wp-json\/wp\/v2\/posts"}],"about":[{"href":"http:\/\/www.jerome-thomas.fr\/actualite\/wp-json\/wp\/v2\/types\/post"}],"author":[{"embeddable":true,"href":"http:\/\/www.jerome-thomas.fr\/actualite\/wp-json\/wp\/v2\/users\/2"}],"replies":[{"embeddable":true,"href":"http:\/\/www.jerome-thomas.fr\/actualite\/wp-json\/wp\/v2\/comments?post=1381"}],"version-history":[{"count":2,"href":"http:\/\/www.jerome-thomas.fr\/actualite\/wp-json\/wp\/v2\/posts\/1381\/revisions"}],"predecessor-version":[{"id":1384,"href":"http:\/\/www.jerome-thomas.fr\/actualite\/wp-json\/wp\/v2\/posts\/1381\/revisions\/1384"}],"wp:attachment":[{"href":"http:\/\/www.jerome-thomas.fr\/actualite\/wp-json\/wp\/v2\/media?parent=1381"}],"wp:term":[{"taxonomy":"category","embeddable":true,"href":"http:\/\/www.jerome-thomas.fr\/actualite\/wp-json\/wp\/v2\/categories?post=1381"},{"taxonomy":"post_tag","embeddable":true,"href":"http:\/\/www.jerome-thomas.fr\/actualite\/wp-json\/wp\/v2\/tags?post=1381"}],"curies":[{"name":"wp","href":"https:\/\/api.w.org\/{rel}","templated":true}]}}