{"id":1360,"date":"2023-03-08T11:28:36","date_gmt":"2023-03-08T10:28:36","guid":{"rendered":"http:\/\/www.jerome-thomas.fr\/actualite\/?p=1360"},"modified":"2023-03-08T11:28:36","modified_gmt":"2023-03-08T10:28:36","slug":"appel-a-compagnonnage-2024-automne-2023","status":"publish","type":"post","link":"http:\/\/www.jerome-thomas.fr\/actualite\/appel-a-compagnonnage-2024-automne-2023\/","title":{"rendered":"APPEL A COMPAGNONNAGE 2024 \/ Automne 2023"},"content":{"rendered":"\n<figure class=\"wp-block-image size-large\"><img loading=\"lazy\" decoding=\"async\" width=\"1024\" height=\"576\" src=\"http:\/\/www.jerome-thomas.fr\/actualite\/wp-content\/uploads\/2023\/03\/P1190199-1024x576.jpeg\" alt=\"\" class=\"wp-image-1361\" srcset=\"http:\/\/www.jerome-thomas.fr\/actualite\/wp-content\/uploads\/2023\/03\/P1190199-1024x576.jpeg 1024w, http:\/\/www.jerome-thomas.fr\/actualite\/wp-content\/uploads\/2023\/03\/P1190199-600x338.jpeg 600w, http:\/\/www.jerome-thomas.fr\/actualite\/wp-content\/uploads\/2023\/03\/P1190199-768x432.jpeg 768w, http:\/\/www.jerome-thomas.fr\/actualite\/wp-content\/uploads\/2023\/03\/P1190199-1536x864.jpeg 1536w, http:\/\/www.jerome-thomas.fr\/actualite\/wp-content\/uploads\/2023\/03\/P1190199-2048x1152.jpeg 2048w\" sizes=\"auto, (max-width: 767px) 89vw, (max-width: 1000px) 54vw, (max-width: 1071px) 543px, 580px\" \/><figcaption class=\"wp-element-caption\">\u00a9 J\u00e9r\u00f4me Thomas<\/figcaption><\/figure>\n\n\n\n<p>Riche d\u2019une premi\u00e8re exp\u00e9rience de compagnonnage avec le\u00a0<strong>Projet Faille<\/strong>\u00a0en 2020 (L\u00e9a Lepr\u00eatre, Johannes Holm Veje, Mart.he Richard ; 30\u00e8me promotion du CNAC), la Compagnie J\u00e9r\u00f4me Thomas souhaite reconduire ce dispositif avec\u00a0<strong>une nouvelle \u00e9quipe artistique \u00e9mergente<\/strong>.<br>Parall\u00e8lement \u00e0 ses propres cr\u00e9ations et \u00e0 son travail d&rsquo;interpr\u00e8te, J\u00e9r\u00f4me Thomas a transmis sa pratique tout au long de son parcours et a donn\u00e9 de nombreux workshops en France et \u00e0 l\u2019\u00e9tranger. Il est en lien r\u00e9gulier depuis 20 ans avec les \u00e9coles sup\u00e9rieures, le CNAC et l\u2019Acad\u00e9mie Fratellini.<\/p>\n\n\n\n<p><br>La\u00a0<strong>transmission<\/strong>\u00a0est encore et toujours au c\u0153ur du projet de la compagnie.<br>Le\u00a0<strong>compagnonnage<\/strong>\u00a0est un dispositif mis en place par le Minist\u00e8re de la Culture qui a pour but de favoriser la\u00a0<strong>transmission et l&rsquo;insertion professionnelle<\/strong>\u00a0au sein des compagnies de th\u00e9\u00e2tre, marionnettes et du r\u00e9pertoire cirque.<br><br>Dans l&rsquo;objectif de co-construire ce futur compagnonnage (d\u00e9p\u00f4t du dossier en f\u00e9vrier 2024), la Compagnie J\u00e9r\u00f4me Thomas propose \u00e0 l\u2019\u00e9quipe qui sera retenue, une\u00a0<strong>premi\u00e8re r\u00e9sidence<\/strong>\u00a0de cr\u00e9ation de 5 jours au Cirque Lili \u00e0 Dijon.<\/p>\n\n\n\n<p><br>Cet appel \u00e0 compagnonnage s\u2019adresse aux\u00a0<strong>artistes\/auteur.ices \u00e9mergents ou collectifs \u00e9mergents, sortant r\u00e9cemment d\u2019une \u00e9cole nationale ou internationale<\/strong>.<\/p>\n\n\n\n<p>Pour t\u00e9l\u00e9charger le dossier avec toutes les informations d\u00e9taill\u00e9es, <a href=\"http:\/\/www.jerome-thomas.fr\/actualite\/wp-content\/uploads\/2023\/03\/APPEL-A-PROJET-COMPAGNONNAGE-2024-a-envoyer.pdf\">CLIQUEZ ICI<\/a><\/p>\n\n\n\n<hr class=\"wp-block-separator has-alpha-channel-opacity\"\/>\n\n\n\n<p class=\"has-text-align-center\">Pour + d&rsquo;infos, n&rsquo;h\u00e9sitez pas \u00e0 nous contacter au 03 80 30 39 16 ou sur administration@jerome-thomas.fr <\/p>\n","protected":false},"excerpt":{"rendered":"<p>Riche d\u2019une premi\u00e8re exp\u00e9rience de compagnonnage avec le\u00a0Projet Faille\u00a0en 2020 (L\u00e9a Lepr\u00eatre, Johannes Holm Veje, Mart.he Richard ; 30\u00e8me promotion du CNAC), la Compagnie J\u00e9r\u00f4me Thomas souhaite reconduire ce dispositif avec\u00a0une nouvelle \u00e9quipe artistique \u00e9mergente.Parall\u00e8lement \u00e0 ses propres cr\u00e9ations et \u00e0 son travail d&rsquo;interpr\u00e8te, J\u00e9r\u00f4me Thomas a transmis sa pratique tout au long de son &hellip; <\/p>\n<p class=\"link-more\"><a href=\"http:\/\/www.jerome-thomas.fr\/actualite\/appel-a-compagnonnage-2024-automne-2023\/\" class=\"more-link\">Continuer la lecture<span class=\"screen-reader-text\"> de &laquo;&nbsp;APPEL A COMPAGNONNAGE 2024 \/ Automne 2023&nbsp;&raquo;<\/span><\/a><\/p>\n","protected":false},"author":2,"featured_media":0,"comment_status":"closed","ping_status":"open","sticky":false,"template":"","format":"standard","meta":{"footnotes":""},"categories":[13,15,1],"tags":[],"class_list":["post-1360","post","type-post","status-publish","format-standard","hentry","category-saison-2022-2023","category-textes","category-uncategorized"],"_links":{"self":[{"href":"http:\/\/www.jerome-thomas.fr\/actualite\/wp-json\/wp\/v2\/posts\/1360","targetHints":{"allow":["GET"]}}],"collection":[{"href":"http:\/\/www.jerome-thomas.fr\/actualite\/wp-json\/wp\/v2\/posts"}],"about":[{"href":"http:\/\/www.jerome-thomas.fr\/actualite\/wp-json\/wp\/v2\/types\/post"}],"author":[{"embeddable":true,"href":"http:\/\/www.jerome-thomas.fr\/actualite\/wp-json\/wp\/v2\/users\/2"}],"replies":[{"embeddable":true,"href":"http:\/\/www.jerome-thomas.fr\/actualite\/wp-json\/wp\/v2\/comments?post=1360"}],"version-history":[{"count":4,"href":"http:\/\/www.jerome-thomas.fr\/actualite\/wp-json\/wp\/v2\/posts\/1360\/revisions"}],"predecessor-version":[{"id":1366,"href":"http:\/\/www.jerome-thomas.fr\/actualite\/wp-json\/wp\/v2\/posts\/1360\/revisions\/1366"}],"wp:attachment":[{"href":"http:\/\/www.jerome-thomas.fr\/actualite\/wp-json\/wp\/v2\/media?parent=1360"}],"wp:term":[{"taxonomy":"category","embeddable":true,"href":"http:\/\/www.jerome-thomas.fr\/actualite\/wp-json\/wp\/v2\/categories?post=1360"},{"taxonomy":"post_tag","embeddable":true,"href":"http:\/\/www.jerome-thomas.fr\/actualite\/wp-json\/wp\/v2\/tags?post=1360"}],"curies":[{"name":"wp","href":"https:\/\/api.w.org\/{rel}","templated":true}]}}