{"id":1288,"date":"2022-07-18T09:28:09","date_gmt":"2022-07-18T08:28:09","guid":{"rendered":"http:\/\/www.jerome-thomas.fr\/actualite\/?p=1288"},"modified":"2022-07-18T09:28:09","modified_gmt":"2022-07-18T08:28:09","slug":"cloture-du-projet-culture-et-sante-2022","status":"publish","type":"post","link":"http:\/\/www.jerome-thomas.fr\/actualite\/cloture-du-projet-culture-et-sante-2022\/","title":{"rendered":"Cl\u00f4ture du projet Culture et Sant\u00e9 2022"},"content":{"rendered":"\n<p>CIRQUE A L&rsquo;HOPITAL<\/p>\n\n\n\n<p>La Compagnie J\u00e9r\u00f4me Thomas remercie chaleureusement tous les intervenants qui se sont impliqu\u00e9s dans les ateliers men\u00e9s tout au long de l&rsquo;ann\u00e9e au Cirque Lili pour le projet \u00ab\u00a0Culture et Sant\u00e9 2022\u00a0\u00bb en partenariat avec le <a href=\"https:\/\/www.facebook.com\/CHLaChartreuseDijon\/?__cft__[0]=AZWvZ2QTEsCZ7P3gcouTrnqSfsFhs97raXXCpn-QTVaTbd-ywTdNo4_sVYVwTkvfyYVoehaIH2DUh8JmzD6GZJiStEVk7sdvyF26YZXMmkhejRCwM7Z2-Nx6G0TXxUCRbWlUlKJZegygrkVubYPmIVIARy9KW7CxKFM7HcNQ0X8WwkBQFz1TH9Yp_IqEUyC2k-c8Md8EG5zc4RZtd2-m6KmH&amp;__tn__=kK-R\">Centre Hospitalier La Chartreuse DIJON<\/a>. Merci \u00e9galement aux patients et aux soignants pr\u00e9sents sur ces ateliers.<\/p>\n\n\n\n<p>&#8212;&#8211;<\/p>\n\n\n\n<p>Retour en images sur le projet Culture et Sant\u00e9 2022<\/p>\n\n\n\n<p>\u00a9 Charlotte Blin<\/p>\n\n\n\n<figure class=\"wp-block-image size-large\"><img loading=\"lazy\" decoding=\"async\" width=\"683\" height=\"1024\" src=\"http:\/\/www.jerome-thomas.fr\/actualite\/wp-content\/uploads\/2022\/07\/SUB1204-683x1024.jpg\" alt=\"\" class=\"wp-image-1289\" srcset=\"http:\/\/www.jerome-thomas.fr\/actualite\/wp-content\/uploads\/2022\/07\/SUB1204-683x1024.jpg 683w, http:\/\/www.jerome-thomas.fr\/actualite\/wp-content\/uploads\/2022\/07\/SUB1204-400x600.jpg 400w, http:\/\/www.jerome-thomas.fr\/actualite\/wp-content\/uploads\/2022\/07\/SUB1204-768x1152.jpg 768w, http:\/\/www.jerome-thomas.fr\/actualite\/wp-content\/uploads\/2022\/07\/SUB1204-1024x1536.jpg 1024w, http:\/\/www.jerome-thomas.fr\/actualite\/wp-content\/uploads\/2022\/07\/SUB1204-1365x2048.jpg 1365w, http:\/\/www.jerome-thomas.fr\/actualite\/wp-content\/uploads\/2022\/07\/SUB1204-scaled.jpg 1707w\" sizes=\"auto, (max-width: 683px) 100vw, 683px\" \/><\/figure>\n\n\n\n<figure class=\"wp-block-image size-full\"><img loading=\"lazy\" decoding=\"async\" width=\"620\" height=\"499\" src=\"http:\/\/www.jerome-thomas.fr\/actualite\/wp-content\/uploads\/2022\/07\/277575445_381848143948516_8716277480888489747_n.jpeg\" alt=\"\" class=\"wp-image-1290\" srcset=\"http:\/\/www.jerome-thomas.fr\/actualite\/wp-content\/uploads\/2022\/07\/277575445_381848143948516_8716277480888489747_n.jpeg 620w, http:\/\/www.jerome-thomas.fr\/actualite\/wp-content\/uploads\/2022\/07\/277575445_381848143948516_8716277480888489747_n-600x483.jpeg 600w\" sizes=\"auto, (max-width: 620px) 100vw, 620px\" \/><\/figure>\n\n\n\n<figure class=\"wp-block-image size-full\"><img loading=\"lazy\" decoding=\"async\" width=\"640\" height=\"427\" src=\"http:\/\/www.jerome-thomas.fr\/actualite\/wp-content\/uploads\/2022\/07\/photoatelier2.jpeg\" alt=\"\" class=\"wp-image-1291\" srcset=\"http:\/\/www.jerome-thomas.fr\/actualite\/wp-content\/uploads\/2022\/07\/photoatelier2.jpeg 640w, http:\/\/www.jerome-thomas.fr\/actualite\/wp-content\/uploads\/2022\/07\/photoatelier2-600x400.jpeg 600w\" sizes=\"auto, (max-width: 640px) 100vw, 640px\" \/><\/figure>\n","protected":false},"excerpt":{"rendered":"<p>CIRQUE A L&rsquo;HOPITAL La Compagnie J\u00e9r\u00f4me Thomas remercie chaleureusement tous les intervenants qui se sont impliqu\u00e9s dans les ateliers men\u00e9s tout au long de l&rsquo;ann\u00e9e au Cirque Lili pour le projet \u00ab\u00a0Culture et Sant\u00e9 2022\u00a0\u00bb en partenariat avec le Centre Hospitalier La Chartreuse DIJON. Merci \u00e9galement aux patients et aux soignants pr\u00e9sents sur ces ateliers. &hellip; <\/p>\n<p class=\"link-more\"><a href=\"http:\/\/www.jerome-thomas.fr\/actualite\/cloture-du-projet-culture-et-sante-2022\/\" class=\"more-link\">Continuer la lecture<span class=\"screen-reader-text\"> de &laquo;&nbsp;Cl\u00f4ture du projet Culture et Sant\u00e9 2022&nbsp;&raquo;<\/span><\/a><\/p>\n","protected":false},"author":2,"featured_media":0,"comment_status":"closed","ping_status":"open","sticky":false,"template":"","format":"standard","meta":{"footnotes":""},"categories":[12,11],"tags":[],"class_list":["post-1288","post","type-post","status-publish","format-standard","hentry","category-saison-2021-2022","category-sous-le-cirque-lili"],"_links":{"self":[{"href":"http:\/\/www.jerome-thomas.fr\/actualite\/wp-json\/wp\/v2\/posts\/1288","targetHints":{"allow":["GET"]}}],"collection":[{"href":"http:\/\/www.jerome-thomas.fr\/actualite\/wp-json\/wp\/v2\/posts"}],"about":[{"href":"http:\/\/www.jerome-thomas.fr\/actualite\/wp-json\/wp\/v2\/types\/post"}],"author":[{"embeddable":true,"href":"http:\/\/www.jerome-thomas.fr\/actualite\/wp-json\/wp\/v2\/users\/2"}],"replies":[{"embeddable":true,"href":"http:\/\/www.jerome-thomas.fr\/actualite\/wp-json\/wp\/v2\/comments?post=1288"}],"version-history":[{"count":1,"href":"http:\/\/www.jerome-thomas.fr\/actualite\/wp-json\/wp\/v2\/posts\/1288\/revisions"}],"predecessor-version":[{"id":1293,"href":"http:\/\/www.jerome-thomas.fr\/actualite\/wp-json\/wp\/v2\/posts\/1288\/revisions\/1293"}],"wp:attachment":[{"href":"http:\/\/www.jerome-thomas.fr\/actualite\/wp-json\/wp\/v2\/media?parent=1288"}],"wp:term":[{"taxonomy":"category","embeddable":true,"href":"http:\/\/www.jerome-thomas.fr\/actualite\/wp-json\/wp\/v2\/categories?post=1288"},{"taxonomy":"post_tag","embeddable":true,"href":"http:\/\/www.jerome-thomas.fr\/actualite\/wp-json\/wp\/v2\/tags?post=1288"}],"curies":[{"name":"wp","href":"https:\/\/api.w.org\/{rel}","templated":true}]}}