{"id":1115,"date":"2021-07-02T13:40:39","date_gmt":"2021-07-02T13:40:39","guid":{"rendered":"http:\/\/www.jerome-thomas.fr\/actualite\/?p=1115"},"modified":"2021-07-08T15:15:06","modified_gmt":"2021-07-08T15:15:06","slug":"le-cirque-lili-la-presse-en-parle","status":"publish","type":"post","link":"http:\/\/www.jerome-thomas.fr\/actualite\/le-cirque-lili-la-presse-en-parle\/","title":{"rendered":"Le Cirque Lili : la presse en parle"},"content":{"rendered":"\n<p>Les 16 et 17 juin ont eu lieu les repr\u00e9sentations de notre spectacle <strong><em>La Piste aux \u00e9toiles&#8230;filantes ! (L&rsquo;audition)<\/em><\/strong>, dans le cadre du projet cirque \u00e0 l&rsquo;h\u00f4pital en partenariat avec le Centre Hospitalier La Chartreuse (projet soutenu par la DRAC-ARS et la ville de Dijon).          <\/p>\n\n\n\n<p>Nous vous invitons \u00e0 d\u00e9couvrir l&rsquo;article de Corinne Fran\u00e7ois-Den\u00e8ve ainsi que les chroniques de Pierre Corcos et Claire Olivier qui vous d\u00e9voilent la belle exp\u00e9rience partag\u00e9e ensemble.<\/p>\n\n\n\n<p> <a rel=\"noreferrer noopener\" href=\"http:\/\/unfauteuilpourlorchestre.com\/la-piste-aux-etoiles-filantes-laudition-cirque-lili-la-chartreuse-dijon\/\" data-type=\"URL\" data-id=\"http:\/\/unfauteuilpourlorchestre.com\/la-piste-aux-etoiles-filantes-laudition-cirque-lili-la-chartreuse-dijon\/\" target=\"_blank\">http:\/\/unfauteuilpourlorchestre.com\/la-piste-aux-etoiles-filantes-laudition-cirque-lili-la-chartreuse-dijon\/<\/a><\/p>\n\n\n\n<p><a href=\"https:\/\/www.visuelimage.com\/?id_news=9209\" target=\"_blank\" rel=\"noreferrer noopener\">https:\/\/www.visuelimage.com\/?id_news=9209<\/a><\/p>\n\n\n\n<p><a rel=\"noreferrer noopener\" href=\"https:\/\/linsatiable.org\/Sur-une-autre-planete-cometes-et-2107\" target=\"_blank\">https:\/\/linsatiable.org\/Sur-une-autre-planete-cometes-et-2107<\/a> <\/p>\n\n\n\n<figure class=\"wp-block-image size-large\"><img loading=\"lazy\" decoding=\"async\" width=\"768\" height=\"1024\" src=\"http:\/\/www.jerome-thomas.fr\/actualite\/wp-content\/uploads\/2021\/07\/173504132_471902394056432_6891891277550259817_n-768x1024.jpg\" alt=\"\" class=\"wp-image-1117\" srcset=\"http:\/\/www.jerome-thomas.fr\/actualite\/wp-content\/uploads\/2021\/07\/173504132_471902394056432_6891891277550259817_n-768x1024.jpg 768w, http:\/\/www.jerome-thomas.fr\/actualite\/wp-content\/uploads\/2021\/07\/173504132_471902394056432_6891891277550259817_n-450x600.jpg 450w, http:\/\/www.jerome-thomas.fr\/actualite\/wp-content\/uploads\/2021\/07\/173504132_471902394056432_6891891277550259817_n-1152x1536.jpg 1152w, http:\/\/www.jerome-thomas.fr\/actualite\/wp-content\/uploads\/2021\/07\/173504132_471902394056432_6891891277550259817_n.jpg 1488w\" sizes=\"auto, (max-width: 767px) 89vw, (max-width: 1000px) 54vw, (max-width: 1071px) 543px, 580px\" \/><\/figure>\n","protected":false},"excerpt":{"rendered":"<p>Les 16 et 17 juin ont eu lieu les repr\u00e9sentations de notre spectacle La Piste aux \u00e9toiles&#8230;filantes ! (L&rsquo;audition), dans le cadre du projet cirque \u00e0 l&rsquo;h\u00f4pital en partenariat avec le Centre Hospitalier La Chartreuse (projet soutenu par la DRAC-ARS et la ville de Dijon). Nous vous invitons \u00e0 d\u00e9couvrir l&rsquo;article de Corinne Fran\u00e7ois-Den\u00e8ve ainsi &hellip; <\/p>\n<p class=\"link-more\"><a href=\"http:\/\/www.jerome-thomas.fr\/actualite\/le-cirque-lili-la-presse-en-parle\/\" class=\"more-link\">Continuer la lecture<span class=\"screen-reader-text\"> de &laquo;&nbsp;Le Cirque Lili : la presse en parle&nbsp;&raquo;<\/span><\/a><\/p>\n","protected":false},"author":2,"featured_media":0,"comment_status":"closed","ping_status":"open","sticky":false,"template":"","format":"standard","meta":{"footnotes":""},"categories":[6,11],"tags":[],"class_list":["post-1115","post","type-post","status-publish","format-standard","hentry","category-saison-2020-2021","category-sous-le-cirque-lili"],"_links":{"self":[{"href":"http:\/\/www.jerome-thomas.fr\/actualite\/wp-json\/wp\/v2\/posts\/1115","targetHints":{"allow":["GET"]}}],"collection":[{"href":"http:\/\/www.jerome-thomas.fr\/actualite\/wp-json\/wp\/v2\/posts"}],"about":[{"href":"http:\/\/www.jerome-thomas.fr\/actualite\/wp-json\/wp\/v2\/types\/post"}],"author":[{"embeddable":true,"href":"http:\/\/www.jerome-thomas.fr\/actualite\/wp-json\/wp\/v2\/users\/2"}],"replies":[{"embeddable":true,"href":"http:\/\/www.jerome-thomas.fr\/actualite\/wp-json\/wp\/v2\/comments?post=1115"}],"version-history":[{"count":7,"href":"http:\/\/www.jerome-thomas.fr\/actualite\/wp-json\/wp\/v2\/posts\/1115\/revisions"}],"predecessor-version":[{"id":1152,"href":"http:\/\/www.jerome-thomas.fr\/actualite\/wp-json\/wp\/v2\/posts\/1115\/revisions\/1152"}],"wp:attachment":[{"href":"http:\/\/www.jerome-thomas.fr\/actualite\/wp-json\/wp\/v2\/media?parent=1115"}],"wp:term":[{"taxonomy":"category","embeddable":true,"href":"http:\/\/www.jerome-thomas.fr\/actualite\/wp-json\/wp\/v2\/categories?post=1115"},{"taxonomy":"post_tag","embeddable":true,"href":"http:\/\/www.jerome-thomas.fr\/actualite\/wp-json\/wp\/v2\/tags?post=1115"}],"curies":[{"name":"wp","href":"https:\/\/api.w.org\/{rel}","templated":true}]}}