{"id":111,"date":"2016-11-12T15:10:40","date_gmt":"2016-11-12T15:10:40","guid":{"rendered":"http:\/\/www.jerome-thomas.fr\/actualite\/?p=111"},"modified":"2021-06-13T12:10:01","modified_gmt":"2021-06-13T12:10:01","slug":"novembre-et-decembre-2016","status":"publish","type":"post","link":"http:\/\/www.jerome-thomas.fr\/actualite\/novembre-et-decembre-2016\/","title":{"rendered":"Novembre et d\u00e9cembre 2016"},"content":{"rendered":"<p><span style=\"color: #993366;\"><strong>Le 15 novembre \u00e0 20h30<\/strong><\/span><\/p>\n<p><strong><em>Hip 127 La Constellation des Cigognes<\/em><\/strong> \u00e0 la sc\u00e8ne nationale d\u2019Albi.<\/p>\n<p style=\"text-align: justify;\"><span style=\"color: #993366;\"><strong>Le 25 novembre<\/strong><\/span><\/p>\n<p style=\"text-align: justify;\"><em><strong>Dans la jongle des mots<\/strong><\/em> dans les biblioth\u00e8ques autour de Dijon, J\u00e9r\u00f4me Thomas en alternance avec Vincent Regnard, jongle sur des po\u00e8mes de Tarkos (Cie Idem Collectif)<\/p>\n<p style=\"text-align: justify;\"><span style=\"color: #993366;\"><strong>Mercredi 12 d\u00e9cembre 20h30<\/strong><\/span><\/p>\n<p style=\"text-align: justify;\"><strong>Soir\u00e9e exceptionnelle au Centre Pompidou<\/strong> (grande salle) \u00ab\u00a0<em><strong>Jonglerie musicale<\/strong><\/em>\u00ab\u00a0<\/p>\n<p style=\"text-align: justify;\">Avec en premi\u00e8re partie la pi\u00e8ce d\u2019Henry Four\u00e8s <em><strong>Dels dos Principis<\/strong><\/em> avec l\u2019Instant Donn\u00e9 et J\u00e9r\u00f4me Thomas<br \/>\nEn 2\u00e8me partie <em><strong>Feathers<\/strong><\/em> puis <em><strong>Plak<\/strong><\/em> et <em><strong>Elastic<\/strong> <\/em>deux derni\u00e8res pi\u00e8ces extraites de l\u2019atelier In Vivo Electro de Juillet 2016 qui vous donneront un aper\u00e7u de la prochaine cr\u00e9ation de la Compagnie\u2026<\/p>\n<p style=\"text-align: justify;\"><strong><span style=\"color: #993366;\">Le 18 d\u00e9cembre \u00e0 16h<\/span><\/strong><\/p>\n<p style=\"text-align: justify;\">Autre repr\u00e9sentation unique\u00a0:\u00a0Dans le cadre du week-end \u00ab\u00a0<em><strong>Tous en piste !<\/strong><\/em>\u00ab\u00a0<\/p>\n<p style=\"text-align: justify;\">organis\u00e9 \u00e0 la Maison de la Radio, l&rsquo;Ensemble Aleph pr\u00e9sente quatre points cardinaux de <em><strong>La Rose des Vents<\/strong> <\/em>pour orchestre de salon de Mauricio Kagel. Accompagn\u00e9 des jongleurs de la compagnie J\u00e9r\u00f4me Thomas.<\/p>\n<p style=\"text-align: justify;\">Ensuite nous nous retrouverons en 2017 \u00e0 Boulazac \u00e0 l\u2019Agora, pour deux repr\u00e9sentation de <em><strong>Hip 127<\/strong><\/em><strong> les 12 et 13 janvier<\/strong>\u2026<\/p>\n","protected":false},"excerpt":{"rendered":"<p>Le 15 novembre \u00e0 20h30 Hip 127 La Constellation des Cigognes \u00e0 la sc\u00e8ne nationale d\u2019Albi. Le 25 novembre Dans la jongle des mots dans les biblioth\u00e8ques autour de Dijon, J\u00e9r\u00f4me Thomas en alternance avec Vincent Regnard, jongle sur des po\u00e8mes de Tarkos (Cie Idem Collectif) Mercredi 12 d\u00e9cembre 20h30 Soir\u00e9e exceptionnelle au Centre Pompidou &hellip; <\/p>\n<p class=\"link-more\"><a href=\"http:\/\/www.jerome-thomas.fr\/actualite\/novembre-et-decembre-2016\/\" class=\"more-link\">Continuer la lecture<span class=\"screen-reader-text\"> de &laquo;&nbsp;Novembre et d\u00e9cembre 2016&nbsp;&raquo;<\/span><\/a><\/p>\n","protected":false},"author":1,"featured_media":0,"comment_status":"closed","ping_status":"open","sticky":false,"template":"","format":"standard","meta":{"footnotes":""},"categories":[10],"tags":[],"class_list":["post-111","post","type-post","status-publish","format-standard","hentry","category-saison-2016-2017"],"_links":{"self":[{"href":"http:\/\/www.jerome-thomas.fr\/actualite\/wp-json\/wp\/v2\/posts\/111","targetHints":{"allow":["GET"]}}],"collection":[{"href":"http:\/\/www.jerome-thomas.fr\/actualite\/wp-json\/wp\/v2\/posts"}],"about":[{"href":"http:\/\/www.jerome-thomas.fr\/actualite\/wp-json\/wp\/v2\/types\/post"}],"author":[{"embeddable":true,"href":"http:\/\/www.jerome-thomas.fr\/actualite\/wp-json\/wp\/v2\/users\/1"}],"replies":[{"embeddable":true,"href":"http:\/\/www.jerome-thomas.fr\/actualite\/wp-json\/wp\/v2\/comments?post=111"}],"version-history":[{"count":7,"href":"http:\/\/www.jerome-thomas.fr\/actualite\/wp-json\/wp\/v2\/posts\/111\/revisions"}],"predecessor-version":[{"id":955,"href":"http:\/\/www.jerome-thomas.fr\/actualite\/wp-json\/wp\/v2\/posts\/111\/revisions\/955"}],"wp:attachment":[{"href":"http:\/\/www.jerome-thomas.fr\/actualite\/wp-json\/wp\/v2\/media?parent=111"}],"wp:term":[{"taxonomy":"category","embeddable":true,"href":"http:\/\/www.jerome-thomas.fr\/actualite\/wp-json\/wp\/v2\/categories?post=111"},{"taxonomy":"post_tag","embeddable":true,"href":"http:\/\/www.jerome-thomas.fr\/actualite\/wp-json\/wp\/v2\/tags?post=111"}],"curies":[{"name":"wp","href":"https:\/\/api.w.org\/{rel}","templated":true}]}}