{"id":1109,"date":"2021-07-02T13:14:28","date_gmt":"2021-07-02T13:14:28","guid":{"rendered":"http:\/\/www.jerome-thomas.fr\/actualite\/?p=1109"},"modified":"2021-07-02T13:15:26","modified_gmt":"2021-07-02T13:15:26","slug":"1109-2","status":"publish","type":"post","link":"http:\/\/www.jerome-thomas.fr\/actualite\/1109-2\/","title":{"rendered":"Dansons sur le Malheur au Festival Cluny Danse"},"content":{"rendered":"\n<p>La compagnie est tr\u00e8s heureuse de vous annoncer les premi\u00e8res repr\u00e9sentations du spectacle&nbsp;<strong><em>DANSONS SUR LE MALHEUR<\/em><\/strong>, sa cr\u00e9ation 2021, dans le cadre du <strong>Festival Cluny Danse. <\/strong><br>Apr\u00e8s plusieurs mois d&rsquo;attente, nous sommes ravis de pouvoir enfin pr\u00e9senter notre travail devant du public.<\/p>\n\n\n\n<p>Nous vous donnons donc rendez-vous le <strong>samedi 17 juillet \u00e0 14h00 et 19h00<\/strong> dans le parc abbatial de Cluny pour d\u00e9couvrir cette cr\u00e9ation.<\/p>\n\n\n\n<p class=\"has-small-font-size\"><br>Ce spectacle sera ensuite pr\u00e9sent\u00e9  \u00e0 <strong>Dijon <\/strong>du <strong>13 au 16 octobre<\/strong> au <strong>Cirque Lili<\/strong> en partenariat avec La Minoterie\/ Sc\u00e8ne Conventionn\u00e9e Art Enfance et Jeunesse et CirQ&rsquo;onflex \/ Festival Prise de CirQ.&nbsp;<\/p>\n\n\n\n<div class=\"wp-block-image\"><figure class=\"aligncenter size-large\"><img loading=\"lazy\" decoding=\"async\" width=\"640\" height=\"480\" src=\"http:\/\/www.jerome-thomas.fr\/actualite\/wp-content\/uploads\/2021\/07\/image002.jpg\" alt=\"\" class=\"wp-image-1110\" srcset=\"http:\/\/www.jerome-thomas.fr\/actualite\/wp-content\/uploads\/2021\/07\/image002.jpg 640w, http:\/\/www.jerome-thomas.fr\/actualite\/wp-content\/uploads\/2021\/07\/image002-600x450.jpg 600w\" sizes=\"auto, (max-width: 640px) 100vw, 640px\" \/><\/figure><\/div>\n\n\n\n<p><\/p>\n","protected":false},"excerpt":{"rendered":"<p>La compagnie est tr\u00e8s heureuse de vous annoncer les premi\u00e8res repr\u00e9sentations du spectacle&nbsp;DANSONS SUR LE MALHEUR, sa cr\u00e9ation 2021, dans le cadre du Festival Cluny Danse. Apr\u00e8s plusieurs mois d&rsquo;attente, nous sommes ravis de pouvoir enfin pr\u00e9senter notre travail devant du public. Nous vous donnons donc rendez-vous le samedi 17 juillet \u00e0 14h00 et 19h00 &hellip; <\/p>\n<p class=\"link-more\"><a href=\"http:\/\/www.jerome-thomas.fr\/actualite\/1109-2\/\" class=\"more-link\">Continuer la lecture<span class=\"screen-reader-text\"> de &laquo;&nbsp;Dansons sur le Malheur au Festival Cluny Danse&nbsp;&raquo;<\/span><\/a><\/p>\n","protected":false},"author":2,"featured_media":0,"comment_status":"closed","ping_status":"open","sticky":false,"template":"","format":"standard","meta":{"footnotes":""},"categories":[6],"tags":[],"class_list":["post-1109","post","type-post","status-publish","format-standard","hentry","category-saison-2020-2021"],"_links":{"self":[{"href":"http:\/\/www.jerome-thomas.fr\/actualite\/wp-json\/wp\/v2\/posts\/1109","targetHints":{"allow":["GET"]}}],"collection":[{"href":"http:\/\/www.jerome-thomas.fr\/actualite\/wp-json\/wp\/v2\/posts"}],"about":[{"href":"http:\/\/www.jerome-thomas.fr\/actualite\/wp-json\/wp\/v2\/types\/post"}],"author":[{"embeddable":true,"href":"http:\/\/www.jerome-thomas.fr\/actualite\/wp-json\/wp\/v2\/users\/2"}],"replies":[{"embeddable":true,"href":"http:\/\/www.jerome-thomas.fr\/actualite\/wp-json\/wp\/v2\/comments?post=1109"}],"version-history":[{"count":4,"href":"http:\/\/www.jerome-thomas.fr\/actualite\/wp-json\/wp\/v2\/posts\/1109\/revisions"}],"predecessor-version":[{"id":1114,"href":"http:\/\/www.jerome-thomas.fr\/actualite\/wp-json\/wp\/v2\/posts\/1109\/revisions\/1114"}],"wp:attachment":[{"href":"http:\/\/www.jerome-thomas.fr\/actualite\/wp-json\/wp\/v2\/media?parent=1109"}],"wp:term":[{"taxonomy":"category","embeddable":true,"href":"http:\/\/www.jerome-thomas.fr\/actualite\/wp-json\/wp\/v2\/categories?post=1109"},{"taxonomy":"post_tag","embeddable":true,"href":"http:\/\/www.jerome-thomas.fr\/actualite\/wp-json\/wp\/v2\/tags?post=1109"}],"curies":[{"name":"wp","href":"https:\/\/api.w.org\/{rel}","templated":true}]}}